{"id":4830,"date":"2023-09-13T14:28:40","date_gmt":"2023-09-13T17:28:40","guid":{"rendered":"https:\/\/novo.antlia.com.br\/?p=4830"},"modified":"2023-09-13T14:28:40","modified_gmt":"2023-09-13T17:28:40","slug":"dia-do-desenvolvedor-celebrando-a-inovacao-e-a-transformacao-digital","status":"publish","type":"post","link":"https:\/\/antlia.com.br\/en\/arquivos\/4830","title":{"rendered":"Dia do Desenvolvedor: Celebrando a Inova\u00e7\u00e3o e a Transforma\u00e7\u00e3o Digital"},"content":{"rendered":"<p><span style=\"font-weight: 400;\">No dia 13 de setembro \u00e9 celebrado o Dia do Desenvolvedor, uma data dedicada a reconhecer e homenagear os profissionais cujo trabalho \u00e9 fundamental para impulsionar a inova\u00e7\u00e3o e a transforma\u00e7\u00e3o digital em nossa sociedade. Neste artigo falaremos sobre como os desenvolvedores desempenham um papel vital na cria\u00e7\u00e3o de software, aplicativos e sistemas que moldam a forma como interagimos com a tecnologia e como ela impacta diversos aspectos de nossas vidas.<\/span><\/p>\n<p><span style=\"font-weight: 400;\">Os desenvolvedores s\u00e3o os arquitetos por tr\u00e1s dos sistemas e aplicativos que utilizamos diariamente. Eles transformam ideias abstratas em c\u00f3digo concreto, criando produtos que facilitam a comunica\u00e7\u00e3o, simplificam tarefas complexas, automatizam processos e proporcionam entretenimento. Seja um aplicativo de mensagens, um site de com\u00e9rcio eletr\u00f4nico ou um software de gerenciamento empresarial, todos esses avan\u00e7os tecnol\u00f3gicos s\u00e3o poss\u00edveis gra\u00e7as ao trabalho \u00e1rduo e \u00e0 criatividade dos desenvolvedores.<\/span><\/p>\n<p><span style=\"font-weight: 400;\">A escolha do dia 13 de setembro para celebrar os desenvolvedores pode ter diferentes origens, dependendo da regi\u00e3o ou da comunidade que est\u00e1 comemorando. Contudo, essa data frequentemente \u00e9 associada ao 256\u00ba dia do ano,\u00a0n\u00famero correspondente ao valor m\u00e1ximo que pode ser representado por um byte de 8 bits, ou seja, 2^8.<\/span><\/p>\n<p><img fetchpriority=\"high\" decoding=\"async\" class=\"aligncenter size-full wp-image-4831\" src=\"https:\/\/antlia.com.br\/wp-content\/uploads\/2023\/09\/developer.png\" alt=\"Dia do desenvolvedor\" width=\"567\" height=\"345\" srcset=\"https:\/\/antlia.com.br\/wp-content\/uploads\/2023\/09\/developer.png 567w, https:\/\/antlia.com.br\/wp-content\/uploads\/2023\/09\/developer-300x183.png 300w\" sizes=\"(max-width: 567px) 100vw, 567px\" \/><\/p>\n<p><span style=\"font-weight: 400;\">A ind\u00fastria de tecnologia est\u00e1 em constante evolu\u00e7\u00e3o, e os desenvolvedores desempenham um papel fundamental nesse processo. Eles precisam estar atualizados com as mais recentes linguagens de programa\u00e7\u00e3o, frameworks e metodologias de desenvolvimento para criar solu\u00e7\u00f5es eficazes e eficientes. Al\u00e9m disso, a demanda por habilidades t\u00e9cnicas est\u00e1 crescendo em diversas \u00e1reas, desde intelig\u00eancia artificial e aprendizado de m\u00e1quina at\u00e9 seguran\u00e7a cibern\u00e9tica e Internet das Coisas (IoT).<\/span><\/p>\n<p><span style=\"font-weight: 400;\">O trabalho dos desenvolvedores frequentemente envolve colabora\u00e7\u00e3o e compartilhamento de conhecimento. Comunidades online, f\u00f3runs e plataformas de c\u00f3digo aberto desempenham um papel crucial no crescimento profissional dos desenvolvedores. Esses espa\u00e7os permitem que eles troquem ideias, discutam desafios t\u00e9cnicos, aprendam uns com os outros e at\u00e9 mesmo colaborem em projetos conjuntos, independentemente de suas localiza\u00e7\u00f5es geogr\u00e1ficas.<\/span><\/p>\n<p><img decoding=\"async\" class=\"aligncenter size-full wp-image-4832\" src=\"https:\/\/antlia.com.br\/wp-content\/uploads\/2023\/09\/equipe.jpg\" alt=\"Equipe de Desenvolvedores\" width=\"612\" height=\"367\" srcset=\"https:\/\/antlia.com.br\/wp-content\/uploads\/2023\/09\/equipe.jpg 612w, https:\/\/antlia.com.br\/wp-content\/uploads\/2023\/09\/equipe-300x180.jpg 300w\" sizes=\"(max-width: 612px) 100vw, 612px\" \/><\/p>\n<p><span style=\"font-weight: 400;\">No Dia do Desenvolvedor, \u00e9 importante n\u00e3o apenas reconhecer a contribui\u00e7\u00e3o vital dos desenvolvedores, mas tamb\u00e9m incentivar os jovens a considerar carreiras na \u00e1rea de tecnologia. Atualmente, muitas organiza\u00e7\u00f5es e institui\u00e7\u00f5es educacionais promovem eventos, workshops e competi\u00e7\u00f5es relacionados \u00e0 programa\u00e7\u00e3o e ao desenvolvimento de software para inspirar a pr\u00f3xima gera\u00e7\u00e3o de inovadores.<\/span><\/p>\n<p><span style=\"font-weight: 400;\">O Dia do Desenvolvedor \u00e9 mais do que uma simples marca no calend\u00e1rio, \u00e9 uma celebra\u00e7\u00e3o das mentes criativas e dedicadas que transformam linhas de c\u00f3digo em inova\u00e7\u00f5es revolucion\u00e1rias. Nesta data, reconhecemos o poder da tecnologia para remodelar nossa sociedade e agradecemos aos desenvolvedores por estarem na vanguarda dessa revolu\u00e7\u00e3o digital. Enquanto trabalham incansavelmente nos bastidores, eles nos lembram que o futuro \u00e9 moldado por meio da inova\u00e7\u00e3o constante, do pensamento imaginativo e da busca incessante por solu\u00e7\u00f5es.<\/span><\/p>","protected":false},"excerpt":{"rendered":"<p>No dia 13 de setembro \u00e9 celebrado o Dia do Desenvolvedor, uma data dedicada a reconhecer e homenagear os profissionais cujo trabalho \u00e9 fundamental para impulsionar a inova\u00e7\u00e3o e a transforma\u00e7\u00e3o digital em nossa sociedade. Neste artigo falaremos sobre como os desenvolvedores desempenham um papel vital na cria\u00e7\u00e3o de software, aplicativos e sistemas que moldam [&hellip;]<\/p>","protected":false},"author":18,"featured_media":4834,"comment_status":"open","ping_status":"open","sticky":false,"template":"","format":"standard","meta":{"_jet_sm_ready_style":"","_jet_sm_style":"","_jet_sm_controls_values":"","_jet_sm_fonts_collection":"","_jet_sm_fonts_links":"","footnotes":""},"categories":[73],"tags":[278,190],"class_list":["post-4830","post","type-post","status-publish","format-standard","has-post-thumbnail","hentry","category-artigos","tag-desenvolvedor","tag-tecnologia-e-historia"],"yoast_head":"<!-- This site is optimized with the Yoast SEO plugin v27.4 - https:\/\/yoast.com\/product\/yoast-seo-wordpress\/ -->\n<title>Dia do Desenvolvedor: Celebrando a Inova\u00e7\u00e3o Digital - Antlia<\/title>\n<meta name=\"description\" content=\"Anualmente no dia 13 de Setembro \u00e9 celebrado o Dia do Desenvolvedor. Conhe\u00e7a o motivo por tr\u00e1s da data e a import\u00e2ncia deste profissional.\" \/>\n<meta name=\"robots\" content=\"index, follow, max-snippet:-1, max-image-preview:large, max-video-preview:-1\" \/>\n<link rel=\"canonical\" href=\"https:\/\/antlia.com.br\/en\/arquivos\/4830\/\" \/>\n<meta property=\"og:locale\" content=\"en_US\" \/>\n<meta property=\"og:type\" content=\"article\" \/>\n<meta property=\"og:title\" content=\"Dia do Desenvolvedor: Celebrando a Inova\u00e7\u00e3o Digital - Antlia\" \/>\n<meta property=\"og:description\" content=\"Anualmente no dia 13 de Setembro \u00e9 celebrado o Dia do Desenvolvedor. Conhe\u00e7a o motivo por tr\u00e1s da data e a import\u00e2ncia deste profissional.\" \/>\n<meta property=\"og:url\" content=\"https:\/\/antlia.com.br\/en\/arquivos\/4830\/\" \/>\n<meta property=\"og:site_name\" content=\"Antlia\" \/>\n<meta property=\"article:publisher\" content=\"https:\/\/www.facebook.com\/antlia.consultoriaetecnologia\/\" \/>\n<meta property=\"article:published_time\" content=\"2023-09-13T17:28:40+00:00\" \/>\n<meta property=\"og:image\" content=\"https:\/\/antlia.com.br\/wp-content\/uploads\/2023\/09\/capa-dia-13.png\" \/>\n\t<meta property=\"og:image:width\" content=\"1200\" \/>\n\t<meta property=\"og:image:height\" content=\"627\" \/>\n\t<meta property=\"og:image:type\" content=\"image\/png\" \/>\n<meta name=\"author\" content=\"Matheus Batista\" \/>\n<meta name=\"twitter:card\" content=\"summary_large_image\" \/>\n<meta name=\"twitter:label1\" content=\"Written by\" \/>\n\t<meta name=\"twitter:data1\" content=\"Matheus Batista\" \/>\n\t<meta name=\"twitter:label2\" content=\"Est. reading time\" \/>\n\t<meta name=\"twitter:data2\" content=\"2 minutes\" \/>\n<script type=\"application\/ld+json\" class=\"yoast-schema-graph\">{\"@context\":\"https:\\\/\\\/schema.org\",\"@graph\":[{\"@type\":[\"Article\",\"BlogPosting\"],\"@id\":\"https:\\\/\\\/antlia.com.br\\\/arquivos\\\/4830#article\",\"isPartOf\":{\"@id\":\"https:\\\/\\\/antlia.com.br\\\/arquivos\\\/4830\"},\"author\":{\"name\":\"Matheus Batista\",\"@id\":\"https:\\\/\\\/antlia.com.br\\\/en\\\/#\\\/schema\\\/person\\\/e6f3f5213b616ad9dabec354a059a7cf\"},\"headline\":\"Dia do Desenvolvedor: Celebrando a Inova\u00e7\u00e3o e a Transforma\u00e7\u00e3o Digital\",\"datePublished\":\"2023-09-13T17:28:40+00:00\",\"mainEntityOfPage\":{\"@id\":\"https:\\\/\\\/antlia.com.br\\\/arquivos\\\/4830\"},\"wordCount\":490,\"commentCount\":0,\"publisher\":{\"@id\":\"https:\\\/\\\/antlia.com.br\\\/en\\\/#organization\"},\"image\":{\"@id\":\"https:\\\/\\\/antlia.com.br\\\/arquivos\\\/4830#primaryimage\"},\"thumbnailUrl\":\"https:\\\/\\\/antlia.com.br\\\/wp-content\\\/uploads\\\/2023\\\/09\\\/capa-dia-13.png\",\"keywords\":[\"desenvolvedor\",\"tecnologia e hist\u00f3ria\"],\"articleSection\":[\"Artigos\"],\"inLanguage\":\"en-US\",\"potentialAction\":[{\"@type\":\"CommentAction\",\"name\":\"Comment\",\"target\":[\"https:\\\/\\\/antlia.com.br\\\/arquivos\\\/4830#respond\"]}]},{\"@type\":\"WebPage\",\"@id\":\"https:\\\/\\\/antlia.com.br\\\/arquivos\\\/4830\",\"url\":\"https:\\\/\\\/antlia.com.br\\\/arquivos\\\/4830\",\"name\":\"Dia do Desenvolvedor: Celebrando a Inova\u00e7\u00e3o Digital - Antlia\",\"isPartOf\":{\"@id\":\"https:\\\/\\\/antlia.com.br\\\/en\\\/#website\"},\"primaryImageOfPage\":{\"@id\":\"https:\\\/\\\/antlia.com.br\\\/arquivos\\\/4830#primaryimage\"},\"image\":{\"@id\":\"https:\\\/\\\/antlia.com.br\\\/arquivos\\\/4830#primaryimage\"},\"thumbnailUrl\":\"https:\\\/\\\/antlia.com.br\\\/wp-content\\\/uploads\\\/2023\\\/09\\\/capa-dia-13.png\",\"datePublished\":\"2023-09-13T17:28:40+00:00\",\"description\":\"Anualmente no dia 13 de Setembro \u00e9 celebrado o Dia do Desenvolvedor. Conhe\u00e7a o motivo por tr\u00e1s da data e a import\u00e2ncia deste profissional.\",\"breadcrumb\":{\"@id\":\"https:\\\/\\\/antlia.com.br\\\/arquivos\\\/4830#breadcrumb\"},\"inLanguage\":\"en-US\",\"potentialAction\":[{\"@type\":\"ReadAction\",\"target\":[\"https:\\\/\\\/antlia.com.br\\\/arquivos\\\/4830\"]}]},{\"@type\":\"ImageObject\",\"inLanguage\":\"en-US\",\"@id\":\"https:\\\/\\\/antlia.com.br\\\/arquivos\\\/4830#primaryimage\",\"url\":\"https:\\\/\\\/antlia.com.br\\\/wp-content\\\/uploads\\\/2023\\\/09\\\/capa-dia-13.png\",\"contentUrl\":\"https:\\\/\\\/antlia.com.br\\\/wp-content\\\/uploads\\\/2023\\\/09\\\/capa-dia-13.png\",\"width\":1200,\"height\":627,\"caption\":\"Capa Dia do Desenvolvedor\"},{\"@type\":\"BreadcrumbList\",\"@id\":\"https:\\\/\\\/antlia.com.br\\\/arquivos\\\/4830#breadcrumb\",\"itemListElement\":[{\"@type\":\"ListItem\",\"position\":1,\"name\":\"In\u00edcio\",\"item\":\"https:\\\/\\\/antlia.com.br\\\/\"},{\"@type\":\"ListItem\",\"position\":2,\"name\":\"Dia do Desenvolvedor: Celebrando a Inova\u00e7\u00e3o e a Transforma\u00e7\u00e3o Digital\"}]},{\"@type\":\"WebSite\",\"@id\":\"https:\\\/\\\/antlia.com.br\\\/en\\\/#website\",\"url\":\"https:\\\/\\\/antlia.com.br\\\/en\\\/\",\"name\":\"Antlia\",\"description\":\"Desenvolvimento de Software e Gamifica\u00e7\u00e3o\",\"publisher\":{\"@id\":\"https:\\\/\\\/antlia.com.br\\\/en\\\/#organization\"},\"potentialAction\":[{\"@type\":\"SearchAction\",\"target\":{\"@type\":\"EntryPoint\",\"urlTemplate\":\"https:\\\/\\\/antlia.com.br\\\/en\\\/?s={search_term_string}\"},\"query-input\":{\"@type\":\"PropertyValueSpecification\",\"valueRequired\":true,\"valueName\":\"search_term_string\"}}],\"inLanguage\":\"en-US\"},{\"@type\":\"Organization\",\"@id\":\"https:\\\/\\\/antlia.com.br\\\/en\\\/#organization\",\"name\":\"Antlia \u2013 Desenvolvimento de Software e Gamifica\u00e7\u00e3o\",\"url\":\"https:\\\/\\\/antlia.com.br\\\/en\\\/\",\"logo\":{\"@type\":\"ImageObject\",\"inLanguage\":\"en-US\",\"@id\":\"https:\\\/\\\/antlia.com.br\\\/en\\\/#\\\/schema\\\/logo\\\/image\\\/\",\"url\":\"https:\\\/\\\/antlia.com.br\\\/wp-content\\\/uploads\\\/2024\\\/05\\\/LOGO_VETOR-01.png\",\"contentUrl\":\"https:\\\/\\\/antlia.com.br\\\/wp-content\\\/uploads\\\/2024\\\/05\\\/LOGO_VETOR-01.png\",\"width\":3508,\"height\":2481,\"caption\":\"Antlia \u2013 Desenvolvimento de Software e Gamifica\u00e7\u00e3o\"},\"image\":{\"@id\":\"https:\\\/\\\/antlia.com.br\\\/en\\\/#\\\/schema\\\/logo\\\/image\\\/\"},\"sameAs\":[\"https:\\\/\\\/www.facebook.com\\\/antlia.consultoriaetecnologia\\\/\",\"https:\\\/\\\/www.linkedin.com\\\/company\\\/antlia_2\\\/\"]},{\"@type\":\"Person\",\"@id\":\"https:\\\/\\\/antlia.com.br\\\/en\\\/#\\\/schema\\\/person\\\/e6f3f5213b616ad9dabec354a059a7cf\",\"name\":\"Matheus Batista\",\"image\":{\"@type\":\"ImageObject\",\"inLanguage\":\"en-US\",\"@id\":\"https:\\\/\\\/secure.gravatar.com\\\/avatar\\\/8eb8c953d7d5d0e9dabb48ec400a24b272880d9888fe9e3eff024c8724aca55e?s=96&d=mm&r=g\",\"url\":\"https:\\\/\\\/secure.gravatar.com\\\/avatar\\\/8eb8c953d7d5d0e9dabb48ec400a24b272880d9888fe9e3eff024c8724aca55e?s=96&d=mm&r=g\",\"contentUrl\":\"https:\\\/\\\/secure.gravatar.com\\\/avatar\\\/8eb8c953d7d5d0e9dabb48ec400a24b272880d9888fe9e3eff024c8724aca55e?s=96&d=mm&r=g\",\"caption\":\"Matheus Batista\"},\"sameAs\":[\"https:\\\/\\\/antlia.com.br\\\/\"],\"url\":\"https:\\\/\\\/antlia.com.br\\\/en\\\/arquivos\\\/author\\\/matheus\"}]}<\/script>\n<!-- \/ Yoast SEO plugin. -->","yoast_head_json":{"title":"Dia do Desenvolvedor: Celebrando a Inova\u00e7\u00e3o Digital - Antlia","description":"Anualmente no dia 13 de Setembro \u00e9 celebrado o Dia do Desenvolvedor. Conhe\u00e7a o motivo por tr\u00e1s da data e a import\u00e2ncia deste profissional.","robots":{"index":"index","follow":"follow","max-snippet":"max-snippet:-1","max-image-preview":"max-image-preview:large","max-video-preview":"max-video-preview:-1"},"canonical":"https:\/\/antlia.com.br\/en\/arquivos\/4830\/","og_locale":"en_US","og_type":"article","og_title":"Dia do Desenvolvedor: Celebrando a Inova\u00e7\u00e3o Digital - Antlia","og_description":"Anualmente no dia 13 de Setembro \u00e9 celebrado o Dia do Desenvolvedor. Conhe\u00e7a o motivo por tr\u00e1s da data e a import\u00e2ncia deste profissional.","og_url":"https:\/\/antlia.com.br\/en\/arquivos\/4830\/","og_site_name":"Antlia","article_publisher":"https:\/\/www.facebook.com\/antlia.consultoriaetecnologia\/","article_published_time":"2023-09-13T17:28:40+00:00","og_image":[{"width":1200,"height":627,"url":"https:\/\/antlia.com.br\/wp-content\/uploads\/2023\/09\/capa-dia-13.png","type":"image\/png"}],"author":"Matheus Batista","twitter_card":"summary_large_image","twitter_misc":{"Written by":"Matheus Batista","Est. reading time":"2 minutes"},"schema":{"@context":"https:\/\/schema.org","@graph":[{"@type":["Article","BlogPosting"],"@id":"https:\/\/antlia.com.br\/arquivos\/4830#article","isPartOf":{"@id":"https:\/\/antlia.com.br\/arquivos\/4830"},"author":{"name":"Matheus Batista","@id":"https:\/\/antlia.com.br\/en\/#\/schema\/person\/e6f3f5213b616ad9dabec354a059a7cf"},"headline":"Dia do Desenvolvedor: Celebrando a Inova\u00e7\u00e3o e a Transforma\u00e7\u00e3o Digital","datePublished":"2023-09-13T17:28:40+00:00","mainEntityOfPage":{"@id":"https:\/\/antlia.com.br\/arquivos\/4830"},"wordCount":490,"commentCount":0,"publisher":{"@id":"https:\/\/antlia.com.br\/en\/#organization"},"image":{"@id":"https:\/\/antlia.com.br\/arquivos\/4830#primaryimage"},"thumbnailUrl":"https:\/\/antlia.com.br\/wp-content\/uploads\/2023\/09\/capa-dia-13.png","keywords":["desenvolvedor","tecnologia e hist\u00f3ria"],"articleSection":["Artigos"],"inLanguage":"en-US","potentialAction":[{"@type":"CommentAction","name":"Comment","target":["https:\/\/antlia.com.br\/arquivos\/4830#respond"]}]},{"@type":"WebPage","@id":"https:\/\/antlia.com.br\/arquivos\/4830","url":"https:\/\/antlia.com.br\/arquivos\/4830","name":"Dia do Desenvolvedor: Celebrando a Inova\u00e7\u00e3o Digital - Antlia","isPartOf":{"@id":"https:\/\/antlia.com.br\/en\/#website"},"primaryImageOfPage":{"@id":"https:\/\/antlia.com.br\/arquivos\/4830#primaryimage"},"image":{"@id":"https:\/\/antlia.com.br\/arquivos\/4830#primaryimage"},"thumbnailUrl":"https:\/\/antlia.com.br\/wp-content\/uploads\/2023\/09\/capa-dia-13.png","datePublished":"2023-09-13T17:28:40+00:00","description":"Anualmente no dia 13 de Setembro \u00e9 celebrado o Dia do Desenvolvedor. Conhe\u00e7a o motivo por tr\u00e1s da data e a import\u00e2ncia deste profissional.","breadcrumb":{"@id":"https:\/\/antlia.com.br\/arquivos\/4830#breadcrumb"},"inLanguage":"en-US","potentialAction":[{"@type":"ReadAction","target":["https:\/\/antlia.com.br\/arquivos\/4830"]}]},{"@type":"ImageObject","inLanguage":"en-US","@id":"https:\/\/antlia.com.br\/arquivos\/4830#primaryimage","url":"https:\/\/antlia.com.br\/wp-content\/uploads\/2023\/09\/capa-dia-13.png","contentUrl":"https:\/\/antlia.com.br\/wp-content\/uploads\/2023\/09\/capa-dia-13.png","width":1200,"height":627,"caption":"Capa Dia do Desenvolvedor"},{"@type":"BreadcrumbList","@id":"https:\/\/antlia.com.br\/arquivos\/4830#breadcrumb","itemListElement":[{"@type":"ListItem","position":1,"name":"In\u00edcio","item":"https:\/\/antlia.com.br\/"},{"@type":"ListItem","position":2,"name":"Dia do Desenvolvedor: Celebrando a Inova\u00e7\u00e3o e a Transforma\u00e7\u00e3o Digital"}]},{"@type":"WebSite","@id":"https:\/\/antlia.com.br\/en\/#website","url":"https:\/\/antlia.com.br\/en\/","name":"Antlia","description":"Desenvolvimento de Software e Gamifica\u00e7\u00e3o","publisher":{"@id":"https:\/\/antlia.com.br\/en\/#organization"},"potentialAction":[{"@type":"SearchAction","target":{"@type":"EntryPoint","urlTemplate":"https:\/\/antlia.com.br\/en\/?s={search_term_string}"},"query-input":{"@type":"PropertyValueSpecification","valueRequired":true,"valueName":"search_term_string"}}],"inLanguage":"en-US"},{"@type":"Organization","@id":"https:\/\/antlia.com.br\/en\/#organization","name":"Antlia \u2013 Desenvolvimento de Software e Gamifica\u00e7\u00e3o","url":"https:\/\/antlia.com.br\/en\/","logo":{"@type":"ImageObject","inLanguage":"en-US","@id":"https:\/\/antlia.com.br\/en\/#\/schema\/logo\/image\/","url":"https:\/\/antlia.com.br\/wp-content\/uploads\/2024\/05\/LOGO_VETOR-01.png","contentUrl":"https:\/\/antlia.com.br\/wp-content\/uploads\/2024\/05\/LOGO_VETOR-01.png","width":3508,"height":2481,"caption":"Antlia \u2013 Desenvolvimento de Software e Gamifica\u00e7\u00e3o"},"image":{"@id":"https:\/\/antlia.com.br\/en\/#\/schema\/logo\/image\/"},"sameAs":["https:\/\/www.facebook.com\/antlia.consultoriaetecnologia\/","https:\/\/www.linkedin.com\/company\/antlia_2\/"]},{"@type":"Person","@id":"https:\/\/antlia.com.br\/en\/#\/schema\/person\/e6f3f5213b616ad9dabec354a059a7cf","name":"Matheus Batista","image":{"@type":"ImageObject","inLanguage":"en-US","@id":"https:\/\/secure.gravatar.com\/avatar\/8eb8c953d7d5d0e9dabb48ec400a24b272880d9888fe9e3eff024c8724aca55e?s=96&d=mm&r=g","url":"https:\/\/secure.gravatar.com\/avatar\/8eb8c953d7d5d0e9dabb48ec400a24b272880d9888fe9e3eff024c8724aca55e?s=96&d=mm&r=g","contentUrl":"https:\/\/secure.gravatar.com\/avatar\/8eb8c953d7d5d0e9dabb48ec400a24b272880d9888fe9e3eff024c8724aca55e?s=96&d=mm&r=g","caption":"Matheus Batista"},"sameAs":["https:\/\/antlia.com.br\/"],"url":"https:\/\/antlia.com.br\/en\/arquivos\/author\/matheus"}]}},"_links":{"self":[{"href":"https:\/\/antlia.com.br\/en\/wp-json\/wp\/v2\/posts\/4830","targetHints":{"allow":["GET"]}}],"collection":[{"href":"https:\/\/antlia.com.br\/en\/wp-json\/wp\/v2\/posts"}],"about":[{"href":"https:\/\/antlia.com.br\/en\/wp-json\/wp\/v2\/types\/post"}],"author":[{"embeddable":true,"href":"https:\/\/antlia.com.br\/en\/wp-json\/wp\/v2\/users\/18"}],"replies":[{"embeddable":true,"href":"https:\/\/antlia.com.br\/en\/wp-json\/wp\/v2\/comments?post=4830"}],"version-history":[{"count":0,"href":"https:\/\/antlia.com.br\/en\/wp-json\/wp\/v2\/posts\/4830\/revisions"}],"wp:featuredmedia":[{"embeddable":true,"href":"https:\/\/antlia.com.br\/en\/wp-json\/wp\/v2\/media\/4834"}],"wp:attachment":[{"href":"https:\/\/antlia.com.br\/en\/wp-json\/wp\/v2\/media?parent=4830"}],"wp:term":[{"taxonomy":"category","embeddable":true,"href":"https:\/\/antlia.com.br\/en\/wp-json\/wp\/v2\/categories?post=4830"},{"taxonomy":"post_tag","embeddable":true,"href":"https:\/\/antlia.com.br\/en\/wp-json\/wp\/v2\/tags?post=4830"}],"curies":[{"name":"wp","href":"https:\/\/api.w.org\/{rel}","templated":true}]}}