{"id":5025,"date":"2023-11-21T10:46:41","date_gmt":"2023-11-21T13:46:41","guid":{"rendered":"https:\/\/novo.antlia.com.br\/?p=5025"},"modified":"2023-11-24T10:14:19","modified_gmt":"2023-11-24T13:14:19","slug":"20-novembro-movimento-feriado-nacional-consciencia-negra-brasil","status":"publish","type":"post","link":"https:\/\/antlia.com.br\/en\/arquivos\/5025","title":{"rendered":"20 de Novembro &#8211; Dia da Consci\u00eancia Negra"},"content":{"rendered":"<p>O 20 de Novembro \u00e9 uma data de extrema import\u00e2ncia no Brasil, pois marca o Dia da Consci\u00eancia Negra, uma celebra\u00e7\u00e3o que tem ganhado destaque ao longo dos anos. Neste artigo, exploraremos a hist\u00f3ria desse dia e o movimento para que o 20 de Novembro seja reconhecido como um feriado nacional no Brasil.<\/p>\n<figure id=\"attachment_5027\" aria-describedby=\"caption-attachment-5027\" style=\"width: 600px\" class=\"wp-caption aligncenter\"><a href=\"https:\/\/www.sindipetrosjc.org.br\/p\/2133\/20-de-novembro-dia-da-consciencia-negra-nao-se-cale-diante-do-preconceito\"><img fetchpriority=\"high\" decoding=\"async\" class=\"wp-image-5027 size-full\" src=\"https:\/\/antlia.com.br\/wp-content\/uploads\/2023\/11\/20dNovembro1.jpg\" alt=\"20 de Novembro - image1\" width=\"600\" height=\"400\" srcset=\"https:\/\/antlia.com.br\/wp-content\/uploads\/2023\/11\/20dNovembro1.jpg 600w, https:\/\/antlia.com.br\/wp-content\/uploads\/2023\/11\/20dNovembro1-300x200.jpg 300w\" sizes=\"(max-width: 600px) 100vw, 600px\" \/><\/a><figcaption id=\"caption-attachment-5027\" class=\"wp-caption-text\">Imagem do site: www.sindipetrosjc.org.br<\/figcaption><\/figure>\n<p>&nbsp;<\/p>\n<h2>Origens do 20 de Novembro<\/h2>\n<p>O 20 de Novembro foi escolhido como a data para celebrar o Dia da Consci\u00eancia Negra em homenagem a Zumbi dos Palmares, um l\u00edder quilombola que resistiu \u00e0 escravid\u00e3o no Brasil colonial. Zumbi, l\u00edder do Quilombo dos Palmares, foi morto em 20 de novembro de 1695, e sua morte simboliza a luta dos afro-brasileiros contra a escravid\u00e3o e a opress\u00e3o.<\/p>\n<p>A celebra\u00e7\u00e3o do 20 de Novembro como o Dia da Consci\u00eancia Negra come\u00e7ou em meados do s\u00e9culo XX, quando ativistas e movimentos sociais passaram a usar essa data para chamar a aten\u00e7\u00e3o para a hist\u00f3ria e as contribui\u00e7\u00f5es dos afro-brasileiros \u00e0 sociedade. A partir de ent\u00e3o, o 20 de Novembro se tornou um momento de reflex\u00e3o sobre o racismo e a desigualdade racial no Brasil, al\u00e9m de uma oportunidade para celebrar a cultura afro-brasileira.<\/p>\n<p>&nbsp;<\/p>\n<h2>Movimento para tornar o 20 de Novembro um feriado nacional<\/h2>\n<p>Nos \u00faltimos anos, houve um movimento crescente para que o 20 de Novembro seja reconhecido como um feriado nacional no Brasil. Diversas raz\u00f5es sustentam essa demanda.<\/p>\n<p>O primeiro ponto relevante \u00e9 o reconhecimento da hist\u00f3ria e das contribui\u00e7\u00f5es afro-brasileiras. Tornar o 20 de Novembro um feriado nacional seria um gesto simb\u00f3lico importante de reconhecimento da hist\u00f3ria e das contribui\u00e7\u00f5es dos afro-brasileiros para a forma\u00e7\u00e3o do pa\u00eds, ao mesmo tempo em que serviria como uma ferramenta de educa\u00e7\u00e3o sobre a import\u00e2ncia da cultura e a luta contra o racismo.<\/p>\n<p>Outro aspecto fundamental \u00e9 o combate ao racismo estrutural. O Brasil possui uma longa hist\u00f3ria de desigualdade racial, e o racismo ainda persiste de v\u00e1rias maneiras na sociedade brasileira. Ao tornar o 20 de novembro um feriado nacional, o pa\u00eds evidencia o seu compromisso em combater o racismo estrutural e promover a igualdade racial.<\/p>\n<p>Al\u00e9m disso, o feriado proporcionaria um espa\u00e7o para que as pessoas reflitam sobre quest\u00f5es relacionadas ao racismo e \u00e0 discrimina\u00e7\u00e3o racial, estimulando o di\u00e1logo entre diferentes grupos \u00e9tnicos e culturais, promovendo a toler\u00e2ncia e o respeito.<\/p>\n<p>&nbsp;<\/p>\n<h2>Desafios e controv\u00e9rsias<\/h2>\n<p>Apesar do apoio crescente ao movimento para tornar o 20 de Novembro um feriado nacional, h\u00e1 desafios e controv\u00e9rsias a serem enfrentados. Alguns cr\u00edticos argumentam que a cria\u00e7\u00e3o de um novo feriado nacional pode ter impactos econ\u00f4micos e que o pa\u00eds j\u00e1 possui muitos feriados ao longo do ano. Al\u00e9m disso, h\u00e1 preocupa\u00e7\u00f5es sobre o custo financeiro da implementa\u00e7\u00e3o de um novo feriado.<\/p>\n<p>Outra controv\u00e9rsia envolve a necessidade de garantir que o feriado n\u00e3o se torne apenas uma data de celebra\u00e7\u00e3o, mas que tamb\u00e9m leve a mudan\u00e7as significativas na luta contra o racismo e na promo\u00e7\u00e3o da igualdade racial. Muitos ativistas enfatizam que \u00e9 fundamental que o reconhecimento do Dia da Consci\u00eancia Negra como feriado nacional esteja acompanhado de pol\u00edticas e a\u00e7\u00f5es concretas para combater o racismo.<\/p>\n<figure id=\"attachment_5026\" aria-describedby=\"caption-attachment-5026\" style=\"width: 587px\" class=\"wp-caption aligncenter\"><a href=\"https:\/\/vermelho.org.br\/2014\/11\/20\/dia-da-consciencia-negra-movimentos-fazem-protesto-em-sp\/\"><img decoding=\"async\" class=\"wp-image-5026\" src=\"https:\/\/antlia.com.br\/wp-content\/uploads\/2023\/11\/20dNovembro2.jpg\" alt=\"20 de Novembro - image2\" width=\"587\" height=\"413\" srcset=\"https:\/\/antlia.com.br\/wp-content\/uploads\/2023\/11\/20dNovembro2.jpg 472w, https:\/\/antlia.com.br\/wp-content\/uploads\/2023\/11\/20dNovembro2-300x211.jpg 300w\" sizes=\"(max-width: 587px) 100vw, 587px\" \/><\/a><figcaption id=\"caption-attachment-5026\" class=\"wp-caption-text\">Imagem retirada do site: vermelho.org.br<\/figcaption><\/figure>\n<p>&nbsp;<\/p>\n<p>O Dia da Consci\u00eancia Negra \u00e9 uma data de grande import\u00e2ncia no Brasil, que simboliza a luta dos afro-brasileiros contra a escravid\u00e3o e a opress\u00e3o. O movimento para torn\u00e1-lo um feriado nacional reflete o desejo de reconhecer a hist\u00f3ria e as contribui\u00e7\u00f5es afro-brasileiras, combater o racismo e promover a igualdade racial. Embora haja desafios a serem superados, a crescente conscientiza\u00e7\u00e3o sobre essas quest\u00f5es sugere que o Brasil est\u00e1 caminhando em dire\u00e7\u00e3o ao reconhecimento do 20 de Novembro como um feriado nacional, o que seria um passo significativo na constru\u00e7\u00e3o de uma sociedade mais justa e igualit\u00e1ria.<\/p>","protected":false},"excerpt":{"rendered":"<p>O 20 de Novembro \u00e9 uma data de extrema import\u00e2ncia no Brasil, pois marca o Dia da Consci\u00eancia Negra, uma celebra\u00e7\u00e3o que tem ganhado destaque ao longo dos anos. Neste artigo, exploraremos a hist\u00f3ria desse dia e o movimento para que o 20 de Novembro seja reconhecido como um feriado nacional no Brasil. &nbsp; Origens [&hellip;]<\/p>","protected":false},"author":16,"featured_media":5029,"comment_status":"open","ping_status":"open","sticky":false,"template":"","format":"standard","meta":{"_jet_sm_ready_style":"","_jet_sm_style":"","_jet_sm_controls_values":"","_jet_sm_fonts_collection":"","_jet_sm_fonts_links":"","footnotes":""},"categories":[73],"tags":[318,319,317],"class_list":["post-5025","post","type-post","status-publish","format-standard","has-post-thumbnail","hentry","category-artigos","tag-20-de-novembro","tag-dia-da-consciencia-negra","tag-movimetno-antirracista"],"yoast_head":"<!-- This site is optimized with the Yoast SEO plugin v27.4 - https:\/\/yoast.com\/product\/yoast-seo-wordpress\/ -->\n<title>20 de Novembro - Dia da Consci\u00eancia Negra - Antlia<\/title>\n<meta name=\"description\" content=\"Saiba sobre o movimento em ascens\u00e3o que busca ressaltar a import\u00e2ncia e transformar o 20 de Novembro em um feriado nacional.\" \/>\n<meta name=\"robots\" content=\"index, follow, max-snippet:-1, max-image-preview:large, max-video-preview:-1\" \/>\n<link rel=\"canonical\" href=\"https:\/\/antlia.com.br\/en\/arquivos\/5025\/\" \/>\n<meta property=\"og:locale\" content=\"en_US\" \/>\n<meta property=\"og:type\" content=\"article\" \/>\n<meta property=\"og:title\" content=\"20 de Novembro - Dia da Consci\u00eancia Negra - Antlia\" \/>\n<meta property=\"og:description\" content=\"Saiba sobre o movimento em ascens\u00e3o que busca ressaltar a import\u00e2ncia e transformar o 20 de Novembro em um feriado nacional.\" \/>\n<meta property=\"og:url\" content=\"https:\/\/antlia.com.br\/en\/arquivos\/5025\/\" \/>\n<meta property=\"og:site_name\" content=\"Antlia\" \/>\n<meta property=\"article:publisher\" content=\"https:\/\/www.facebook.com\/antlia.consultoriaetecnologia\/\" \/>\n<meta property=\"article:published_time\" content=\"2023-11-21T13:46:41+00:00\" \/>\n<meta property=\"article:modified_time\" content=\"2023-11-24T13:14:19+00:00\" \/>\n<meta property=\"og:image\" content=\"https:\/\/antlia.com.br\/wp-content\/uploads\/2023\/11\/Post-20-de-Novembro.png\" \/>\n\t<meta property=\"og:image:width\" content=\"1200\" \/>\n\t<meta property=\"og:image:height\" content=\"627\" \/>\n\t<meta property=\"og:image:type\" content=\"image\/png\" \/>\n<meta name=\"author\" content=\"Carlos Jesus\" \/>\n<meta name=\"twitter:card\" content=\"summary_large_image\" \/>\n<meta name=\"twitter:label1\" content=\"Written by\" \/>\n\t<meta name=\"twitter:data1\" content=\"Carlos Jesus\" \/>\n\t<meta name=\"twitter:label2\" content=\"Est. reading time\" \/>\n\t<meta name=\"twitter:data2\" content=\"3 minutes\" \/>\n<script type=\"application\/ld+json\" class=\"yoast-schema-graph\">{\"@context\":\"https:\\\/\\\/schema.org\",\"@graph\":[{\"@type\":[\"Article\",\"BlogPosting\"],\"@id\":\"https:\\\/\\\/antlia.com.br\\\/arquivos\\\/5025#article\",\"isPartOf\":{\"@id\":\"https:\\\/\\\/antlia.com.br\\\/arquivos\\\/5025\"},\"author\":{\"name\":\"Carlos Jesus\",\"@id\":\"https:\\\/\\\/antlia.com.br\\\/en\\\/#\\\/schema\\\/person\\\/31eaf0f03ce818b666e8e7a0a32a413e\"},\"headline\":\"20 de Novembro &#8211; Dia da Consci\u00eancia Negra\",\"datePublished\":\"2023-11-21T13:46:41+00:00\",\"dateModified\":\"2023-11-24T13:14:19+00:00\",\"mainEntityOfPage\":{\"@id\":\"https:\\\/\\\/antlia.com.br\\\/arquivos\\\/5025\"},\"wordCount\":693,\"commentCount\":0,\"publisher\":{\"@id\":\"https:\\\/\\\/antlia.com.br\\\/en\\\/#organization\"},\"image\":{\"@id\":\"https:\\\/\\\/antlia.com.br\\\/arquivos\\\/5025#primaryimage\"},\"thumbnailUrl\":\"https:\\\/\\\/antlia.com.br\\\/wp-content\\\/uploads\\\/2023\\\/11\\\/Post-20-de-Novembro.png\",\"keywords\":[\"20 de novembro\",\"Dia da Consci\u00eancia Negra\",\"movimetno antirracista\"],\"articleSection\":[\"Artigos\"],\"inLanguage\":\"en-US\",\"potentialAction\":[{\"@type\":\"CommentAction\",\"name\":\"Comment\",\"target\":[\"https:\\\/\\\/antlia.com.br\\\/arquivos\\\/5025#respond\"]}]},{\"@type\":\"WebPage\",\"@id\":\"https:\\\/\\\/antlia.com.br\\\/arquivos\\\/5025\",\"url\":\"https:\\\/\\\/antlia.com.br\\\/arquivos\\\/5025\",\"name\":\"20 de Novembro - Dia da Consci\u00eancia Negra - Antlia\",\"isPartOf\":{\"@id\":\"https:\\\/\\\/antlia.com.br\\\/en\\\/#website\"},\"primaryImageOfPage\":{\"@id\":\"https:\\\/\\\/antlia.com.br\\\/arquivos\\\/5025#primaryimage\"},\"image\":{\"@id\":\"https:\\\/\\\/antlia.com.br\\\/arquivos\\\/5025#primaryimage\"},\"thumbnailUrl\":\"https:\\\/\\\/antlia.com.br\\\/wp-content\\\/uploads\\\/2023\\\/11\\\/Post-20-de-Novembro.png\",\"datePublished\":\"2023-11-21T13:46:41+00:00\",\"dateModified\":\"2023-11-24T13:14:19+00:00\",\"description\":\"Saiba sobre o movimento em ascens\u00e3o que busca ressaltar a import\u00e2ncia e transformar o 20 de Novembro em um feriado nacional.\",\"breadcrumb\":{\"@id\":\"https:\\\/\\\/antlia.com.br\\\/arquivos\\\/5025#breadcrumb\"},\"inLanguage\":\"en-US\",\"potentialAction\":[{\"@type\":\"ReadAction\",\"target\":[\"https:\\\/\\\/antlia.com.br\\\/arquivos\\\/5025\"]}]},{\"@type\":\"ImageObject\",\"inLanguage\":\"en-US\",\"@id\":\"https:\\\/\\\/antlia.com.br\\\/arquivos\\\/5025#primaryimage\",\"url\":\"https:\\\/\\\/antlia.com.br\\\/wp-content\\\/uploads\\\/2023\\\/11\\\/Post-20-de-Novembro.png\",\"contentUrl\":\"https:\\\/\\\/antlia.com.br\\\/wp-content\\\/uploads\\\/2023\\\/11\\\/Post-20-de-Novembro.png\",\"width\":1200,\"height\":627,\"caption\":\"20 de Novembro - capa\"},{\"@type\":\"BreadcrumbList\",\"@id\":\"https:\\\/\\\/antlia.com.br\\\/arquivos\\\/5025#breadcrumb\",\"itemListElement\":[{\"@type\":\"ListItem\",\"position\":1,\"name\":\"In\u00edcio\",\"item\":\"https:\\\/\\\/antlia.com.br\\\/\"},{\"@type\":\"ListItem\",\"position\":2,\"name\":\"20 de Novembro &#8211; Dia da Consci\u00eancia Negra\"}]},{\"@type\":\"WebSite\",\"@id\":\"https:\\\/\\\/antlia.com.br\\\/en\\\/#website\",\"url\":\"https:\\\/\\\/antlia.com.br\\\/en\\\/\",\"name\":\"Antlia\",\"description\":\"Desenvolvimento de Software e Gamifica\u00e7\u00e3o\",\"publisher\":{\"@id\":\"https:\\\/\\\/antlia.com.br\\\/en\\\/#organization\"},\"potentialAction\":[{\"@type\":\"SearchAction\",\"target\":{\"@type\":\"EntryPoint\",\"urlTemplate\":\"https:\\\/\\\/antlia.com.br\\\/en\\\/?s={search_term_string}\"},\"query-input\":{\"@type\":\"PropertyValueSpecification\",\"valueRequired\":true,\"valueName\":\"search_term_string\"}}],\"inLanguage\":\"en-US\"},{\"@type\":\"Organization\",\"@id\":\"https:\\\/\\\/antlia.com.br\\\/en\\\/#organization\",\"name\":\"Antlia \u2013 Desenvolvimento de Software e Gamifica\u00e7\u00e3o\",\"url\":\"https:\\\/\\\/antlia.com.br\\\/en\\\/\",\"logo\":{\"@type\":\"ImageObject\",\"inLanguage\":\"en-US\",\"@id\":\"https:\\\/\\\/antlia.com.br\\\/en\\\/#\\\/schema\\\/logo\\\/image\\\/\",\"url\":\"https:\\\/\\\/antlia.com.br\\\/wp-content\\\/uploads\\\/2024\\\/05\\\/LOGO_VETOR-01.png\",\"contentUrl\":\"https:\\\/\\\/antlia.com.br\\\/wp-content\\\/uploads\\\/2024\\\/05\\\/LOGO_VETOR-01.png\",\"width\":3508,\"height\":2481,\"caption\":\"Antlia \u2013 Desenvolvimento de Software e Gamifica\u00e7\u00e3o\"},\"image\":{\"@id\":\"https:\\\/\\\/antlia.com.br\\\/en\\\/#\\\/schema\\\/logo\\\/image\\\/\"},\"sameAs\":[\"https:\\\/\\\/www.facebook.com\\\/antlia.consultoriaetecnologia\\\/\",\"https:\\\/\\\/www.linkedin.com\\\/company\\\/antlia_2\\\/\"]},{\"@type\":\"Person\",\"@id\":\"https:\\\/\\\/antlia.com.br\\\/en\\\/#\\\/schema\\\/person\\\/31eaf0f03ce818b666e8e7a0a32a413e\",\"name\":\"Carlos Jesus\",\"image\":{\"@type\":\"ImageObject\",\"inLanguage\":\"en-US\",\"@id\":\"https:\\\/\\\/secure.gravatar.com\\\/avatar\\\/9c6febc02bb400288e65a46b6ab1aa3942b3bf2290f03a1451ce525cf8d5939b?s=96&d=mm&r=g\",\"url\":\"https:\\\/\\\/secure.gravatar.com\\\/avatar\\\/9c6febc02bb400288e65a46b6ab1aa3942b3bf2290f03a1451ce525cf8d5939b?s=96&d=mm&r=g\",\"contentUrl\":\"https:\\\/\\\/secure.gravatar.com\\\/avatar\\\/9c6febc02bb400288e65a46b6ab1aa3942b3bf2290f03a1451ce525cf8d5939b?s=96&d=mm&r=g\",\"caption\":\"Carlos Jesus\"},\"sameAs\":[\"https:\\\/\\\/antlia.com.br\\\/\"],\"url\":\"https:\\\/\\\/antlia.com.br\\\/en\\\/arquivos\\\/author\\\/carlos-jesus\"}]}<\/script>\n<!-- \/ Yoast SEO plugin. -->","yoast_head_json":{"title":"20 de Novembro - Dia da Consci\u00eancia Negra - Antlia","description":"Saiba sobre o movimento em ascens\u00e3o que busca ressaltar a import\u00e2ncia e transformar o 20 de Novembro em um feriado nacional.","robots":{"index":"index","follow":"follow","max-snippet":"max-snippet:-1","max-image-preview":"max-image-preview:large","max-video-preview":"max-video-preview:-1"},"canonical":"https:\/\/antlia.com.br\/en\/arquivos\/5025\/","og_locale":"en_US","og_type":"article","og_title":"20 de Novembro - Dia da Consci\u00eancia Negra - Antlia","og_description":"Saiba sobre o movimento em ascens\u00e3o que busca ressaltar a import\u00e2ncia e transformar o 20 de Novembro em um feriado nacional.","og_url":"https:\/\/antlia.com.br\/en\/arquivos\/5025\/","og_site_name":"Antlia","article_publisher":"https:\/\/www.facebook.com\/antlia.consultoriaetecnologia\/","article_published_time":"2023-11-21T13:46:41+00:00","article_modified_time":"2023-11-24T13:14:19+00:00","og_image":[{"width":1200,"height":627,"url":"https:\/\/antlia.com.br\/wp-content\/uploads\/2023\/11\/Post-20-de-Novembro.png","type":"image\/png"}],"author":"Carlos Jesus","twitter_card":"summary_large_image","twitter_misc":{"Written by":"Carlos Jesus","Est. reading time":"3 minutes"},"schema":{"@context":"https:\/\/schema.org","@graph":[{"@type":["Article","BlogPosting"],"@id":"https:\/\/antlia.com.br\/arquivos\/5025#article","isPartOf":{"@id":"https:\/\/antlia.com.br\/arquivos\/5025"},"author":{"name":"Carlos Jesus","@id":"https:\/\/antlia.com.br\/en\/#\/schema\/person\/31eaf0f03ce818b666e8e7a0a32a413e"},"headline":"20 de Novembro &#8211; Dia da Consci\u00eancia Negra","datePublished":"2023-11-21T13:46:41+00:00","dateModified":"2023-11-24T13:14:19+00:00","mainEntityOfPage":{"@id":"https:\/\/antlia.com.br\/arquivos\/5025"},"wordCount":693,"commentCount":0,"publisher":{"@id":"https:\/\/antlia.com.br\/en\/#organization"},"image":{"@id":"https:\/\/antlia.com.br\/arquivos\/5025#primaryimage"},"thumbnailUrl":"https:\/\/antlia.com.br\/wp-content\/uploads\/2023\/11\/Post-20-de-Novembro.png","keywords":["20 de novembro","Dia da Consci\u00eancia Negra","movimetno antirracista"],"articleSection":["Artigos"],"inLanguage":"en-US","potentialAction":[{"@type":"CommentAction","name":"Comment","target":["https:\/\/antlia.com.br\/arquivos\/5025#respond"]}]},{"@type":"WebPage","@id":"https:\/\/antlia.com.br\/arquivos\/5025","url":"https:\/\/antlia.com.br\/arquivos\/5025","name":"20 de Novembro - Dia da Consci\u00eancia Negra - Antlia","isPartOf":{"@id":"https:\/\/antlia.com.br\/en\/#website"},"primaryImageOfPage":{"@id":"https:\/\/antlia.com.br\/arquivos\/5025#primaryimage"},"image":{"@id":"https:\/\/antlia.com.br\/arquivos\/5025#primaryimage"},"thumbnailUrl":"https:\/\/antlia.com.br\/wp-content\/uploads\/2023\/11\/Post-20-de-Novembro.png","datePublished":"2023-11-21T13:46:41+00:00","dateModified":"2023-11-24T13:14:19+00:00","description":"Saiba sobre o movimento em ascens\u00e3o que busca ressaltar a import\u00e2ncia e transformar o 20 de Novembro em um feriado nacional.","breadcrumb":{"@id":"https:\/\/antlia.com.br\/arquivos\/5025#breadcrumb"},"inLanguage":"en-US","potentialAction":[{"@type":"ReadAction","target":["https:\/\/antlia.com.br\/arquivos\/5025"]}]},{"@type":"ImageObject","inLanguage":"en-US","@id":"https:\/\/antlia.com.br\/arquivos\/5025#primaryimage","url":"https:\/\/antlia.com.br\/wp-content\/uploads\/2023\/11\/Post-20-de-Novembro.png","contentUrl":"https:\/\/antlia.com.br\/wp-content\/uploads\/2023\/11\/Post-20-de-Novembro.png","width":1200,"height":627,"caption":"20 de Novembro - capa"},{"@type":"BreadcrumbList","@id":"https:\/\/antlia.com.br\/arquivos\/5025#breadcrumb","itemListElement":[{"@type":"ListItem","position":1,"name":"In\u00edcio","item":"https:\/\/antlia.com.br\/"},{"@type":"ListItem","position":2,"name":"20 de Novembro &#8211; Dia da Consci\u00eancia Negra"}]},{"@type":"WebSite","@id":"https:\/\/antlia.com.br\/en\/#website","url":"https:\/\/antlia.com.br\/en\/","name":"Antlia","description":"Desenvolvimento de Software e Gamifica\u00e7\u00e3o","publisher":{"@id":"https:\/\/antlia.com.br\/en\/#organization"},"potentialAction":[{"@type":"SearchAction","target":{"@type":"EntryPoint","urlTemplate":"https:\/\/antlia.com.br\/en\/?s={search_term_string}"},"query-input":{"@type":"PropertyValueSpecification","valueRequired":true,"valueName":"search_term_string"}}],"inLanguage":"en-US"},{"@type":"Organization","@id":"https:\/\/antlia.com.br\/en\/#organization","name":"Antlia \u2013 Desenvolvimento de Software e Gamifica\u00e7\u00e3o","url":"https:\/\/antlia.com.br\/en\/","logo":{"@type":"ImageObject","inLanguage":"en-US","@id":"https:\/\/antlia.com.br\/en\/#\/schema\/logo\/image\/","url":"https:\/\/antlia.com.br\/wp-content\/uploads\/2024\/05\/LOGO_VETOR-01.png","contentUrl":"https:\/\/antlia.com.br\/wp-content\/uploads\/2024\/05\/LOGO_VETOR-01.png","width":3508,"height":2481,"caption":"Antlia \u2013 Desenvolvimento de Software e Gamifica\u00e7\u00e3o"},"image":{"@id":"https:\/\/antlia.com.br\/en\/#\/schema\/logo\/image\/"},"sameAs":["https:\/\/www.facebook.com\/antlia.consultoriaetecnologia\/","https:\/\/www.linkedin.com\/company\/antlia_2\/"]},{"@type":"Person","@id":"https:\/\/antlia.com.br\/en\/#\/schema\/person\/31eaf0f03ce818b666e8e7a0a32a413e","name":"Carlos Jesus","image":{"@type":"ImageObject","inLanguage":"en-US","@id":"https:\/\/secure.gravatar.com\/avatar\/9c6febc02bb400288e65a46b6ab1aa3942b3bf2290f03a1451ce525cf8d5939b?s=96&d=mm&r=g","url":"https:\/\/secure.gravatar.com\/avatar\/9c6febc02bb400288e65a46b6ab1aa3942b3bf2290f03a1451ce525cf8d5939b?s=96&d=mm&r=g","contentUrl":"https:\/\/secure.gravatar.com\/avatar\/9c6febc02bb400288e65a46b6ab1aa3942b3bf2290f03a1451ce525cf8d5939b?s=96&d=mm&r=g","caption":"Carlos Jesus"},"sameAs":["https:\/\/antlia.com.br\/"],"url":"https:\/\/antlia.com.br\/en\/arquivos\/author\/carlos-jesus"}]}},"_links":{"self":[{"href":"https:\/\/antlia.com.br\/en\/wp-json\/wp\/v2\/posts\/5025","targetHints":{"allow":["GET"]}}],"collection":[{"href":"https:\/\/antlia.com.br\/en\/wp-json\/wp\/v2\/posts"}],"about":[{"href":"https:\/\/antlia.com.br\/en\/wp-json\/wp\/v2\/types\/post"}],"author":[{"embeddable":true,"href":"https:\/\/antlia.com.br\/en\/wp-json\/wp\/v2\/users\/16"}],"replies":[{"embeddable":true,"href":"https:\/\/antlia.com.br\/en\/wp-json\/wp\/v2\/comments?post=5025"}],"version-history":[{"count":0,"href":"https:\/\/antlia.com.br\/en\/wp-json\/wp\/v2\/posts\/5025\/revisions"}],"wp:featuredmedia":[{"embeddable":true,"href":"https:\/\/antlia.com.br\/en\/wp-json\/wp\/v2\/media\/5029"}],"wp:attachment":[{"href":"https:\/\/antlia.com.br\/en\/wp-json\/wp\/v2\/media?parent=5025"}],"wp:term":[{"taxonomy":"category","embeddable":true,"href":"https:\/\/antlia.com.br\/en\/wp-json\/wp\/v2\/categories?post=5025"},{"taxonomy":"post_tag","embeddable":true,"href":"https:\/\/antlia.com.br\/en\/wp-json\/wp\/v2\/tags?post=5025"}],"curies":[{"name":"wp","href":"https:\/\/api.w.org\/{rel}","templated":true}]}}