{"id":9980,"date":"2026-09-04T10:45:01","date_gmt":"2026-09-04T13:45:01","guid":{"rendered":"https:\/\/antlia.com.br\/?p=9980"},"modified":"2026-09-03T17:30:17","modified_gmt":"2026-09-03T20:30:17","slug":"dia-da-amazonia-tecnologia-tambem-pode-ser-uma-aliada-da-preservacao","status":"publish","type":"post","link":"https:\/\/antlia.com.br\/en\/arquivos\/9980","title":{"rendered":"Dia da Amaz\u00f4nia: tecnologia tamb\u00e9m pode ser uma aliada da preserva\u00e7\u00e3o"},"content":{"rendered":"<p><strong>Dia da Amaz\u00f4nia: tecnologia tamb\u00e9m pode ser uma aliada da preserva\u00e7\u00e3o<\/strong><\/p>\n<p><strong>Tecnologia e preserva\u00e7\u00e3o podem caminhar juntas<\/strong><\/p>\n<p>Celebrado em <strong>5 de setembro<\/strong>, o Dia da Amaz\u00f4nia \u00e9 uma oportunidade para refletir sobre a import\u00e2ncia de preservar um dos maiores patrim\u00f4nios naturais do planeta.<\/p>\n<p>Quando pensamos na prote\u00e7\u00e3o da floresta, \u00e9 comum associarmos o tema \u00e0 fiscaliza\u00e7\u00e3o, \u00e0 conscientiza\u00e7\u00e3o ambiental e \u00e0s pol\u00edticas de conserva\u00e7\u00e3o. Mas existe outro elemento que vem assumindo um papel cada vez mais importante nessa miss\u00e3o: <strong>a tecnologia<\/strong>.<\/p>\n<p>Sat\u00e9lites, intelig\u00eancia artificial, sensores, an\u00e1lise de dados e sistemas de monitoramento permitem acompanhar extensas \u00e1reas da floresta, identificar mudan\u00e7as ambientais e fornecer informa\u00e7\u00f5es que auxiliam pesquisadores e \u00f3rg\u00e3os respons\u00e1veis pela preserva\u00e7\u00e3o.<\/p>\n<p><strong>Sat\u00e9lites ajudam a enxergar o que acontece na floresta<\/strong><\/p>\n<p>Monitorar uma regi\u00e3o com as dimens\u00f5es da Amaz\u00f4nia \u00e9 um grande desafio.<\/p>\n<p>Por isso, o sensoriamento remoto tornou-se uma ferramenta essencial. Por meio de imagens de sat\u00e9lite, \u00e9 poss\u00edvel acompanhar mudan\u00e7as na cobertura vegetal e identificar \u00e1reas afetadas por desmatamento ou degrada\u00e7\u00e3o.<\/p>\n<p>No Brasil, o Instituto Nacional de Pesquisas Espaciais, o INPE, utiliza sistemas como <strong>PRODES e DETER<\/strong> para acompanhar altera\u00e7\u00f5es na cobertura vegetal da Amaz\u00f4nia. O PRODES produz dados anuais sobre o desmatamento, enquanto o DETER gera alertas que auxiliam a\u00e7\u00f5es de fiscaliza\u00e7\u00e3o e controle.<\/p>\n<p><strong>Intelig\u00eancia artificial amplia a capacidade de an\u00e1lise<\/strong><\/p>\n<p>A quantidade de informa\u00e7\u00f5es gerada por sat\u00e9lites e sistemas ambientais \u00e9 enorme. \u00c9 justamente nesse ponto que tecnologias como intelig\u00eancia artificial e an\u00e1lise automatizada de dados podem contribuir.<\/p>\n<p>Algoritmos podem ajudar a identificar padr\u00f5es e altera\u00e7\u00f5es em imagens, permitindo que grandes volumes de informa\u00e7\u00f5es sejam processados de maneira mais eficiente.<\/p>\n<p>Um exemplo recente \u00e9 o <strong>DETER N\u00e3o Floresta<\/strong>, sistema apresentado pelo INPE que utiliza imagens de sat\u00e9lite e intelig\u00eancia artificial para ampliar o monitoramento di\u00e1rio tamb\u00e9m para forma\u00e7\u00f5es n\u00e3o florestais do Bioma Amaz\u00f4nia, como campos naturais, savanas e \u00e1reas de transi\u00e7\u00e3o.<\/p>\n<p><strong>Dados ajudam a transformar informa\u00e7\u00e3o em a\u00e7\u00e3o<\/strong><\/p>\n<p>Mais do que coletar informa\u00e7\u00f5es, a tecnologia permite organiz\u00e1-las e transform\u00e1-las em conhecimento.<\/p>\n<p>Plataformas de dados, sistemas integrados e ferramentas de geoprocessamento podem auxiliar pesquisadores, organiza\u00e7\u00f5es e \u00f3rg\u00e3os ambientais a:<\/p>\n<p>\u2714 acompanhar altera\u00e7\u00f5es na vegeta\u00e7\u00e3o;<\/p>\n<p>\u2714 identificar regi\u00f5es que precisam de aten\u00e7\u00e3o;<\/p>\n<p>\u2714 monitorar queimadas e outras interven\u00e7\u00f5es ambientais;<\/p>\n<p>\u2714 organizar informa\u00e7\u00f5es de diferentes fontes;<\/p>\n<p>\u2714 apoiar decis\u00f5es relacionadas \u00e0 fiscaliza\u00e7\u00e3o e conserva\u00e7\u00e3o;<\/p>\n<p>\u2714 acompanhar os resultados de iniciativas de preserva\u00e7\u00e3o.<\/p>\n<p>Quanto mais r\u00e1pido um problema \u00e9 identificado e analisado, maiores s\u00e3o as possibilidades de direcionar esfor\u00e7os para aquela regi\u00e3o.<\/p>\n<p><strong>Tecnologia tamb\u00e9m pode apoiar o desenvolvimento sustent\u00e1vel<\/strong><\/p>\n<p>Preservar a Amaz\u00f4nia n\u00e3o significa impedir seu desenvolvimento. O desafio est\u00e1 justamente em encontrar formas de conciliar atividade econ\u00f4mica, qualidade de vida das popula\u00e7\u00f5es locais e conserva\u00e7\u00e3o ambiental.<\/p>\n<p>Tecnologia e inova\u00e7\u00e3o podem contribuir tamb\u00e9m nesse cen\u00e1rio.<\/p>\n<p>Sistemas de rastreabilidade, plataformas digitais, monitoramento de cadeias produtivas, ferramentas de gest\u00e3o, conectividade e an\u00e1lise de dados podem apoiar modelos de produ\u00e7\u00e3o mais transparentes e sustent\u00e1veis.<\/p>\n<p>Assim, inova\u00e7\u00e3o n\u00e3o precisa ser vista apenas como uma ferramenta para aumentar produtividade. Ela tamb\u00e9m pode ajudar empresas, governos, pesquisadores e comunidades a utilizar recursos de maneira mais respons\u00e1vel.<\/p>\n<p><strong>Inova\u00e7\u00e3o a servi\u00e7o do futuro<\/strong><\/p>\n<p>O Dia da Amaz\u00f4nia refor\u00e7a que preservar a floresta \u00e9 um desafio coletivo.<\/p>\n<p>E, diante da dimens\u00e3o desse desafio, a tecnologia pode ser uma importante aliada.<\/p>\n<p>Quando ci\u00eancia, inova\u00e7\u00e3o e responsabilidade ambiental trabalham juntas, dados podem se transformar em conhecimento, conhecimento em decis\u00f5es e decis\u00f5es em a\u00e7\u00f5es capazes de contribuir para a prote\u00e7\u00e3o de um patrim\u00f4nio que possui import\u00e2ncia ambiental, social e econ\u00f4mica para o Brasil e para o mundo.<\/p>","protected":false},"excerpt":{"rendered":"<p>Dia da Amaz\u00f4nia: tecnologia tamb\u00e9m pode ser uma aliada da preserva\u00e7\u00e3o Tecnologia e preserva\u00e7\u00e3o podem caminhar juntas Celebrado em 5 de setembro, o Dia da Amaz\u00f4nia \u00e9 uma oportunidade para refletir sobre a import\u00e2ncia de preservar um dos maiores patrim\u00f4nios naturais do planeta. Quando pensamos na prote\u00e7\u00e3o da floresta, \u00e9 comum associarmos o tema \u00e0 [&hellip;]<\/p>","protected":false},"author":35,"featured_media":9981,"comment_status":"open","ping_status":"open","sticky":false,"template":"","format":"standard","meta":{"_jet_sm_ready_style":"","_jet_sm_style":"","_jet_sm_controls_values":"","_jet_sm_fonts_collection":"","_jet_sm_fonts_links":"","footnotes":""},"categories":[73,765],"tags":[407,744,682,1397,756,1376,1398,539,869],"class_list":["post-9980","post","type-post","status-publish","format-standard","has-post-thumbnail","hentry","category-artigos","category-esg-antlia","tag-antlia","tag-antlia-consultoria","tag-antlia-tecnologia","tag-dia-da-amazonia","tag-esg","tag-monitoramento-ambiental","tag-preservacao-ambiental","tag-sustentabilidade","tag-tecnologia-sustentavel"],"yoast_head":"<!-- This site is optimized with the Yoast SEO plugin v28.2 - https:\/\/yoast.com\/product\/yoast-seo-wordpress\/ -->\n<title>Dia da Amaz\u00f4nia e tecnologia a favor da preserva\u00e7\u00e3o Antlia<\/title>\n<meta name=\"description\" content=\"Buscando por Dia da Amaz\u00f4nia: tecnologia tamb\u00e9m pode ser uma aliada da preserva\u00e7\u00e3o? Saiba tudo sobre Dia da Amaz\u00f4nia: tecnologia tamb\u00e9m pode ser uma aliada da preserva\u00e7\u00e3o no Blog da Antlia.\" \/>\n<meta name=\"robots\" content=\"index, follow, max-snippet:-1, max-image-preview:large, max-video-preview:-1\" \/>\n<link rel=\"canonical\" href=\"https:\/\/antlia.com.br\/en\/arquivos\/9980\/\" \/>\n<meta property=\"og:locale\" content=\"en_US\" \/>\n<meta property=\"og:type\" content=\"article\" \/>\n<meta property=\"og:title\" content=\"Dia da Amaz\u00f4nia e tecnologia a favor da preserva\u00e7\u00e3o Antlia\" \/>\n<meta property=\"og:description\" content=\"Buscando por Dia da Amaz\u00f4nia: tecnologia tamb\u00e9m pode ser uma aliada da preserva\u00e7\u00e3o? Saiba tudo sobre Dia da Amaz\u00f4nia: tecnologia tamb\u00e9m pode ser uma aliada da preserva\u00e7\u00e3o no Blog da Antlia.\" \/>\n<meta property=\"og:url\" content=\"https:\/\/antlia.com.br\/en\/arquivos\/9980\/\" \/>\n<meta property=\"og:site_name\" content=\"Antlia\" \/>\n<meta property=\"article:publisher\" content=\"https:\/\/www.facebook.com\/antlia.consultoriaetecnologia\/\" \/>\n<meta property=\"article:published_time\" content=\"2026-09-04T13:45:01+00:00\" \/>\n<meta property=\"og:image\" content=\"https:\/\/antlia.com.br\/wp-content\/uploads\/2026\/09\/dia-da-amazonia-2-copiar.jpg\" \/>\n\t<meta property=\"og:image:width\" content=\"1792\" \/>\n\t<meta property=\"og:image:height\" content=\"1024\" \/>\n\t<meta property=\"og:image:type\" content=\"image\/jpeg\" \/>\n<meta name=\"author\" content=\"Raphael Yokokura\" \/>\n<meta name=\"twitter:card\" content=\"summary_large_image\" \/>\n<meta name=\"twitter:label1\" content=\"Written by\" \/>\n\t<meta name=\"twitter:data1\" content=\"Raphael Yokokura\" \/>\n\t<meta name=\"twitter:label2\" content=\"Est. reading time\" \/>\n\t<meta name=\"twitter:data2\" content=\"3 minutes\" \/>\n<script type=\"application\/ld+json\" class=\"yoast-schema-graph\">{\"@context\":\"https:\\\/\\\/schema.org\",\"@graph\":[{\"@type\":[\"Article\",\"BlogPosting\"],\"@id\":\"https:\\\/\\\/antlia.com.br\\\/arquivos\\\/9980#article\",\"isPartOf\":{\"@id\":\"https:\\\/\\\/antlia.com.br\\\/arquivos\\\/9980\"},\"author\":{\"name\":\"Raphael Yokokura\",\"@id\":\"https:\\\/\\\/antlia.com.br\\\/en\\\/#\\\/schema\\\/person\\\/b339427e5498e4671427e4334a715350\"},\"headline\":\"Dia da Amaz\u00f4nia: tecnologia tamb\u00e9m pode ser uma aliada da preserva\u00e7\u00e3o\",\"datePublished\":\"2026-09-04T13:45:01+00:00\",\"mainEntityOfPage\":{\"@id\":\"https:\\\/\\\/antlia.com.br\\\/arquivos\\\/9980\"},\"wordCount\":674,\"commentCount\":0,\"publisher\":{\"@id\":\"https:\\\/\\\/antlia.com.br\\\/en\\\/#organization\"},\"image\":{\"@id\":\"https:\\\/\\\/antlia.com.br\\\/arquivos\\\/9980#primaryimage\"},\"thumbnailUrl\":\"https:\\\/\\\/antlia.com.br\\\/wp-content\\\/uploads\\\/2026\\\/09\\\/dia-da-amazonia-2-copiar.jpg\",\"keywords\":[\"Antlia\",\"Antlia Consultoria\",\"Antlia Tecnologia\",\"Dia da Amaz\u00f4nia\",\"ESG\",\"Monitoramento Ambiental\",\"Preserva\u00e7\u00e3o Ambiental\",\"Sustentabilidade\",\"tecnologia sustent\u00e1vel\"],\"articleSection\":[\"Artigos\",\"ESG\"],\"inLanguage\":\"en-US\",\"potentialAction\":[{\"@type\":\"CommentAction\",\"name\":\"Comment\",\"target\":[\"https:\\\/\\\/antlia.com.br\\\/arquivos\\\/9980#respond\"]}]},{\"@type\":\"WebPage\",\"@id\":\"https:\\\/\\\/antlia.com.br\\\/arquivos\\\/9980\",\"url\":\"https:\\\/\\\/antlia.com.br\\\/arquivos\\\/9980\",\"name\":\"Dia da Amaz\u00f4nia e tecnologia a favor da preserva\u00e7\u00e3o Antlia\",\"isPartOf\":{\"@id\":\"https:\\\/\\\/antlia.com.br\\\/en\\\/#website\"},\"primaryImageOfPage\":{\"@id\":\"https:\\\/\\\/antlia.com.br\\\/arquivos\\\/9980#primaryimage\"},\"image\":{\"@id\":\"https:\\\/\\\/antlia.com.br\\\/arquivos\\\/9980#primaryimage\"},\"thumbnailUrl\":\"https:\\\/\\\/antlia.com.br\\\/wp-content\\\/uploads\\\/2026\\\/09\\\/dia-da-amazonia-2-copiar.jpg\",\"datePublished\":\"2026-09-04T13:45:01+00:00\",\"description\":\"Buscando por Dia da Amaz\u00f4nia: tecnologia tamb\u00e9m pode ser uma aliada da preserva\u00e7\u00e3o? Saiba tudo sobre Dia da Amaz\u00f4nia: tecnologia tamb\u00e9m pode ser uma aliada da preserva\u00e7\u00e3o no Blog da Antlia.\",\"breadcrumb\":{\"@id\":\"https:\\\/\\\/antlia.com.br\\\/arquivos\\\/9980#breadcrumb\"},\"inLanguage\":\"en-US\",\"potentialAction\":[{\"@type\":\"ReadAction\",\"target\":[\"https:\\\/\\\/antlia.com.br\\\/arquivos\\\/9980\"]}]},{\"@type\":\"ImageObject\",\"inLanguage\":\"en-US\",\"@id\":\"https:\\\/\\\/antlia.com.br\\\/arquivos\\\/9980#primaryimage\",\"url\":\"https:\\\/\\\/antlia.com.br\\\/wp-content\\\/uploads\\\/2026\\\/09\\\/dia-da-amazonia-2-copiar.jpg\",\"contentUrl\":\"https:\\\/\\\/antlia.com.br\\\/wp-content\\\/uploads\\\/2026\\\/09\\\/dia-da-amazonia-2-copiar.jpg\",\"width\":1792,\"height\":1024},{\"@type\":\"BreadcrumbList\",\"@id\":\"https:\\\/\\\/antlia.com.br\\\/arquivos\\\/9980#breadcrumb\",\"itemListElement\":[{\"@type\":\"ListItem\",\"position\":1,\"name\":\"In\u00edcio\",\"item\":\"https:\\\/\\\/antlia.com.br\\\/\"},{\"@type\":\"ListItem\",\"position\":2,\"name\":\"Dia da Amaz\u00f4nia: tecnologia tamb\u00e9m pode ser uma aliada da preserva\u00e7\u00e3o\"}]},{\"@type\":\"WebSite\",\"@id\":\"https:\\\/\\\/antlia.com.br\\\/en\\\/#website\",\"url\":\"https:\\\/\\\/antlia.com.br\\\/en\\\/\",\"name\":\"Antlia\",\"description\":\"Desenvolvimento de Software e Gamifica\u00e7\u00e3o\",\"publisher\":{\"@id\":\"https:\\\/\\\/antlia.com.br\\\/en\\\/#organization\"},\"potentialAction\":[{\"@type\":\"SearchAction\",\"target\":{\"@type\":\"EntryPoint\",\"urlTemplate\":\"https:\\\/\\\/antlia.com.br\\\/en\\\/?s={search_term_string}\"},\"query-input\":{\"@type\":\"PropertyValueSpecification\",\"valueRequired\":true,\"valueName\":\"search_term_string\"}}],\"inLanguage\":\"en-US\"},{\"@type\":\"Organization\",\"@id\":\"https:\\\/\\\/antlia.com.br\\\/en\\\/#organization\",\"name\":\"Antlia \u2013 Desenvolvimento de Software e Gamifica\u00e7\u00e3o\",\"url\":\"https:\\\/\\\/antlia.com.br\\\/en\\\/\",\"logo\":{\"@type\":\"ImageObject\",\"inLanguage\":\"en-US\",\"@id\":\"https:\\\/\\\/antlia.com.br\\\/en\\\/#\\\/schema\\\/logo\\\/image\\\/\",\"url\":\"https:\\\/\\\/antlia.com.br\\\/wp-content\\\/uploads\\\/2024\\\/05\\\/LOGO_VETOR-01.png\",\"contentUrl\":\"https:\\\/\\\/antlia.com.br\\\/wp-content\\\/uploads\\\/2024\\\/05\\\/LOGO_VETOR-01.png\",\"width\":3508,\"height\":2481,\"caption\":\"Antlia \u2013 Desenvolvimento de Software e Gamifica\u00e7\u00e3o\"},\"image\":{\"@id\":\"https:\\\/\\\/antlia.com.br\\\/en\\\/#\\\/schema\\\/logo\\\/image\\\/\"},\"sameAs\":[\"https:\\\/\\\/www.facebook.com\\\/antlia.consultoriaetecnologia\\\/\",\"https:\\\/\\\/www.linkedin.com\\\/company\\\/antlia_2\\\/\"]},{\"@type\":\"Person\",\"@id\":\"https:\\\/\\\/antlia.com.br\\\/en\\\/#\\\/schema\\\/person\\\/b339427e5498e4671427e4334a715350\",\"name\":\"Raphael Yokokura\",\"image\":{\"@type\":\"ImageObject\",\"inLanguage\":\"en-US\",\"@id\":\"https:\\\/\\\/secure.gravatar.com\\\/avatar\\\/16268480b03bcee147bf4f6582c2093d29a24ce3923dfa78a0668272f14e55ea?s=96&d=mm&r=g\",\"url\":\"https:\\\/\\\/secure.gravatar.com\\\/avatar\\\/16268480b03bcee147bf4f6582c2093d29a24ce3923dfa78a0668272f14e55ea?s=96&d=mm&r=g\",\"contentUrl\":\"https:\\\/\\\/secure.gravatar.com\\\/avatar\\\/16268480b03bcee147bf4f6582c2093d29a24ce3923dfa78a0668272f14e55ea?s=96&d=mm&r=g\",\"caption\":\"Raphael Yokokura\"},\"sameAs\":[\"http:\\\/\\\/antlia.com.br\\\/\"],\"url\":\"https:\\\/\\\/antlia.com.br\\\/en\\\/arquivos\\\/author\\\/raphael\"}]}<\/script>\n<!-- \/ Yoast SEO plugin. -->","yoast_head_json":{"title":"Dia da Amaz\u00f4nia e tecnologia a favor da preserva\u00e7\u00e3o Antlia","description":"Buscando por Dia da Amaz\u00f4nia: tecnologia tamb\u00e9m pode ser uma aliada da preserva\u00e7\u00e3o? Saiba tudo sobre Dia da Amaz\u00f4nia: tecnologia tamb\u00e9m pode ser uma aliada da preserva\u00e7\u00e3o no Blog da Antlia.","robots":{"index":"index","follow":"follow","max-snippet":"max-snippet:-1","max-image-preview":"max-image-preview:large","max-video-preview":"max-video-preview:-1"},"canonical":"https:\/\/antlia.com.br\/en\/arquivos\/9980\/","og_locale":"en_US","og_type":"article","og_title":"Dia da Amaz\u00f4nia e tecnologia a favor da preserva\u00e7\u00e3o Antlia","og_description":"Buscando por Dia da Amaz\u00f4nia: tecnologia tamb\u00e9m pode ser uma aliada da preserva\u00e7\u00e3o? Saiba tudo sobre Dia da Amaz\u00f4nia: tecnologia tamb\u00e9m pode ser uma aliada da preserva\u00e7\u00e3o no Blog da Antlia.","og_url":"https:\/\/antlia.com.br\/en\/arquivos\/9980\/","og_site_name":"Antlia","article_publisher":"https:\/\/www.facebook.com\/antlia.consultoriaetecnologia\/","article_published_time":"2026-09-04T13:45:01+00:00","og_image":[{"width":1792,"height":1024,"url":"https:\/\/antlia.com.br\/wp-content\/uploads\/2026\/09\/dia-da-amazonia-2-copiar.jpg","type":"image\/jpeg"}],"author":"Raphael Yokokura","twitter_card":"summary_large_image","twitter_misc":{"Written by":"Raphael Yokokura","Est. reading time":"3 minutes"},"schema":{"@context":"https:\/\/schema.org","@graph":[{"@type":["Article","BlogPosting"],"@id":"https:\/\/antlia.com.br\/arquivos\/9980#article","isPartOf":{"@id":"https:\/\/antlia.com.br\/arquivos\/9980"},"author":{"name":"Raphael Yokokura","@id":"https:\/\/antlia.com.br\/en\/#\/schema\/person\/b339427e5498e4671427e4334a715350"},"headline":"Dia da Amaz\u00f4nia: tecnologia tamb\u00e9m pode ser uma aliada da preserva\u00e7\u00e3o","datePublished":"2026-09-04T13:45:01+00:00","mainEntityOfPage":{"@id":"https:\/\/antlia.com.br\/arquivos\/9980"},"wordCount":674,"commentCount":0,"publisher":{"@id":"https:\/\/antlia.com.br\/en\/#organization"},"image":{"@id":"https:\/\/antlia.com.br\/arquivos\/9980#primaryimage"},"thumbnailUrl":"https:\/\/antlia.com.br\/wp-content\/uploads\/2026\/09\/dia-da-amazonia-2-copiar.jpg","keywords":["Antlia","Antlia Consultoria","Antlia Tecnologia","Dia da Amaz\u00f4nia","ESG","Monitoramento Ambiental","Preserva\u00e7\u00e3o Ambiental","Sustentabilidade","tecnologia sustent\u00e1vel"],"articleSection":["Artigos","ESG"],"inLanguage":"en-US","potentialAction":[{"@type":"CommentAction","name":"Comment","target":["https:\/\/antlia.com.br\/arquivos\/9980#respond"]}]},{"@type":"WebPage","@id":"https:\/\/antlia.com.br\/arquivos\/9980","url":"https:\/\/antlia.com.br\/arquivos\/9980","name":"Dia da Amaz\u00f4nia e tecnologia a favor da preserva\u00e7\u00e3o Antlia","isPartOf":{"@id":"https:\/\/antlia.com.br\/en\/#website"},"primaryImageOfPage":{"@id":"https:\/\/antlia.com.br\/arquivos\/9980#primaryimage"},"image":{"@id":"https:\/\/antlia.com.br\/arquivos\/9980#primaryimage"},"thumbnailUrl":"https:\/\/antlia.com.br\/wp-content\/uploads\/2026\/09\/dia-da-amazonia-2-copiar.jpg","datePublished":"2026-09-04T13:45:01+00:00","description":"Buscando por Dia da Amaz\u00f4nia: tecnologia tamb\u00e9m pode ser uma aliada da preserva\u00e7\u00e3o? Saiba tudo sobre Dia da Amaz\u00f4nia: tecnologia tamb\u00e9m pode ser uma aliada da preserva\u00e7\u00e3o no Blog da Antlia.","breadcrumb":{"@id":"https:\/\/antlia.com.br\/arquivos\/9980#breadcrumb"},"inLanguage":"en-US","potentialAction":[{"@type":"ReadAction","target":["https:\/\/antlia.com.br\/arquivos\/9980"]}]},{"@type":"ImageObject","inLanguage":"en-US","@id":"https:\/\/antlia.com.br\/arquivos\/9980#primaryimage","url":"https:\/\/antlia.com.br\/wp-content\/uploads\/2026\/09\/dia-da-amazonia-2-copiar.jpg","contentUrl":"https:\/\/antlia.com.br\/wp-content\/uploads\/2026\/09\/dia-da-amazonia-2-copiar.jpg","width":1792,"height":1024},{"@type":"BreadcrumbList","@id":"https:\/\/antlia.com.br\/arquivos\/9980#breadcrumb","itemListElement":[{"@type":"ListItem","position":1,"name":"In\u00edcio","item":"https:\/\/antlia.com.br\/"},{"@type":"ListItem","position":2,"name":"Dia da Amaz\u00f4nia: tecnologia tamb\u00e9m pode ser uma aliada da preserva\u00e7\u00e3o"}]},{"@type":"WebSite","@id":"https:\/\/antlia.com.br\/en\/#website","url":"https:\/\/antlia.com.br\/en\/","name":"Antlia","description":"Desenvolvimento de Software e Gamifica\u00e7\u00e3o","publisher":{"@id":"https:\/\/antlia.com.br\/en\/#organization"},"potentialAction":[{"@type":"SearchAction","target":{"@type":"EntryPoint","urlTemplate":"https:\/\/antlia.com.br\/en\/?s={search_term_string}"},"query-input":{"@type":"PropertyValueSpecification","valueRequired":true,"valueName":"search_term_string"}}],"inLanguage":"en-US"},{"@type":"Organization","@id":"https:\/\/antlia.com.br\/en\/#organization","name":"Antlia \u2013 Desenvolvimento de Software e Gamifica\u00e7\u00e3o","url":"https:\/\/antlia.com.br\/en\/","logo":{"@type":"ImageObject","inLanguage":"en-US","@id":"https:\/\/antlia.com.br\/en\/#\/schema\/logo\/image\/","url":"https:\/\/antlia.com.br\/wp-content\/uploads\/2024\/05\/LOGO_VETOR-01.png","contentUrl":"https:\/\/antlia.com.br\/wp-content\/uploads\/2024\/05\/LOGO_VETOR-01.png","width":3508,"height":2481,"caption":"Antlia \u2013 Desenvolvimento de Software e Gamifica\u00e7\u00e3o"},"image":{"@id":"https:\/\/antlia.com.br\/en\/#\/schema\/logo\/image\/"},"sameAs":["https:\/\/www.facebook.com\/antlia.consultoriaetecnologia\/","https:\/\/www.linkedin.com\/company\/antlia_2\/"]},{"@type":"Person","@id":"https:\/\/antlia.com.br\/en\/#\/schema\/person\/b339427e5498e4671427e4334a715350","name":"Raphael Yokokura","image":{"@type":"ImageObject","inLanguage":"en-US","@id":"https:\/\/secure.gravatar.com\/avatar\/16268480b03bcee147bf4f6582c2093d29a24ce3923dfa78a0668272f14e55ea?s=96&d=mm&r=g","url":"https:\/\/secure.gravatar.com\/avatar\/16268480b03bcee147bf4f6582c2093d29a24ce3923dfa78a0668272f14e55ea?s=96&d=mm&r=g","contentUrl":"https:\/\/secure.gravatar.com\/avatar\/16268480b03bcee147bf4f6582c2093d29a24ce3923dfa78a0668272f14e55ea?s=96&d=mm&r=g","caption":"Raphael Yokokura"},"sameAs":["https:\/\/antlia.com.br\/"],"url":"https:\/\/antlia.com.br\/en\/arquivos\/author\/raphael"}]}},"_links":{"self":[{"href":"https:\/\/antlia.com.br\/en\/wp-json\/wp\/v2\/posts\/9980","targetHints":{"allow":["GET"]}}],"collection":[{"href":"https:\/\/antlia.com.br\/en\/wp-json\/wp\/v2\/posts"}],"about":[{"href":"https:\/\/antlia.com.br\/en\/wp-json\/wp\/v2\/types\/post"}],"author":[{"embeddable":true,"href":"https:\/\/antlia.com.br\/en\/wp-json\/wp\/v2\/users\/35"}],"replies":[{"embeddable":true,"href":"https:\/\/antlia.com.br\/en\/wp-json\/wp\/v2\/comments?post=9980"}],"version-history":[{"count":1,"href":"https:\/\/antlia.com.br\/en\/wp-json\/wp\/v2\/posts\/9980\/revisions"}],"predecessor-version":[{"id":9982,"href":"https:\/\/antlia.com.br\/en\/wp-json\/wp\/v2\/posts\/9980\/revisions\/9982"}],"wp:featuredmedia":[{"embeddable":true,"href":"https:\/\/antlia.com.br\/en\/wp-json\/wp\/v2\/media\/9981"}],"wp:attachment":[{"href":"https:\/\/antlia.com.br\/en\/wp-json\/wp\/v2\/media?parent=9980"}],"wp:term":[{"taxonomy":"category","embeddable":true,"href":"https:\/\/antlia.com.br\/en\/wp-json\/wp\/v2\/categories?post=9980"},{"taxonomy":"post_tag","embeddable":true,"href":"https:\/\/antlia.com.br\/en\/wp-json\/wp\/v2\/tags?post=9980"}],"curies":[{"name":"wp","href":"https:\/\/api.w.org\/{rel}","templated":true}]}}